{"id":773,"date":"2015-07-17T10:41:23","date_gmt":"2015-07-17T10:41:23","guid":{"rendered":"http:\/\/www.laboratoriourbanoaperto.com\/lua\/?p=773"},"modified":"2015-09-07T09:58:33","modified_gmt":"2015-09-07T09:58:33","slug":"workshop-di-autocostruzione-nidificare-i-paduli","status":"publish","type":"post","link":"https:\/\/laboratoriourbanoaperto.com\/lua\/index.php\/archives\/773","title":{"rendered":"WORKSHOP DI AUTOCOSTRUZIONE &#8220;NIDIFICARE I PADULI&#8221;"},"content":{"rendered":"<div class=\"l-submain\"><div class=\"l-submain-h g-html i-cf\"><p><a ref=\"magnificPopup\" href=\"https:\/\/laboratoriourbanoaperto.com\/lua\/wp-content\/uploads\/2015\/04\/NIDIFICAREIPADULI-015-workshop-26-2-agosto-02.jpg\"><img loading=\"lazy\" decoding=\"async\" class=\"alignnone size-large wp-image-772\" src=\"https:\/\/laboratoriourbanoaperto.com\/lua\/wp-content\/uploads\/2015\/04\/NIDIFICAREIPADULI-015-workshop-26-2-agosto-02-738x1024.jpg\" alt=\"NIDIFICAREIPADULI-015-workshop 26-2 agosto--02\" width=\"738\" height=\"1024\" srcset=\"https:\/\/laboratoriourbanoaperto.com\/lua\/wp-content\/uploads\/2015\/04\/NIDIFICAREIPADULI-015-workshop-26-2-agosto-02-738x1024.jpg 738w, https:\/\/laboratoriourbanoaperto.com\/lua\/wp-content\/uploads\/2015\/04\/NIDIFICAREIPADULI-015-workshop-26-2-agosto-02-216x300.jpg 216w\" sizes=\"(max-width: 738px) 100vw, 738px\" \/><\/a><\/p>\n<p><strong><em>\u201cNidificare i paduli\u201d \u00e8 un workshop di autocostruzione, sull\u2019abitare sostenibile, volto alla realizzazione e sperimentazione di due rifugi temporanei e biodegradabili risultati vincitori dell\u2019omonimo concorso di idee. Nziddha primo classificato, e Osservatorio del Sogno secondo classificato.<\/em><\/strong><\/p>\n<p><strong><em>Dal 27 Luglio al 2 agosto, nel Parco Paduli, si dar\u00e0 avvio al workshop di autocostruzione, dove, attraverso l\u2019utilizzo del ricco patrimonio arboreo e arbustivo e utilizzando il materiale di scarto dell\u2019agricoltura (arundo donax e ramaglie di ulivo), si sperimenteranno la costruzione di forme alternative di ospitalit\u00e0 turistica.<\/em><\/strong><\/p>\n<p><strong><em>L\u2019uliveto pubblico, dislocato nel cuore dei Paduli, luogo del workshop, diventer\u00e0 un albergo temporaneo, biodegradabile che accoglier\u00e0 studenti, cicloturisti, visitatori, dotato dei servizi essenziali e energeticamente autosostenibile, aprir\u00e0 al pubblico, e sar\u00e0 a servizio di un parco agricolo in cui si potr\u00e0 circolare a piedi, in bicicletta o a cavallo, e praticare un\u2019agricoltura sostenibile, che privilegi la produzione e il consumo locale, ma contempli anche scopi didattici e ricreativi.<\/em><\/strong><\/p>\n<p><strong><em>Negli stessi giorni, dalle 19.30 alle 21.00 presso la corte del Palazzo ducale sar\u00e0 allestita la mostra dei 27 partecipanti al concorso di idee<\/em><\/strong><\/p>\n<p><strong><em>Anche in questa occasione il territorio dei Paduli diventa uno spazio laboratoriale, adeguato alla sperimentazione di forme artistiche in stretta relazione col mondo rurale.<\/em><\/strong><\/p>\n<p><strong><em>\u00a0<\/em><\/strong><\/p>\n<p><strong><em>Workshop <\/em><\/strong><em>a cura del LUA Laboratorio Urbano Aperto<\/em><\/p>\n<p><strong><em>Tutor <\/em><\/strong><em>\u00a0\u00a0\u00a0\u00a0\u00a0\u00a0\u00a0\u00a0\u00a0\u00a0\u00a0 \u00a0\u00a0\u00a0\u00a0\u00a0\u00a0\u00a0\u00a0\u00a0\u00a0\u00a0 \u00a0\u00a0\u00a0\u00a0\u00a0\u00a0\u00a0\u00a0\u00a0\u00a0\u00a0 \u00a0\u00a0\u00a0\u00a0\u00a0\u00a0\u00a0\u00a0\u00a0\u00a0\u00a0 Arch. Giovanni Maini Sglab s.a.s &#8211; Bologna.<\/em><\/p>\n<p><em>\u00a0\u00a0\u00a0\u00a0\u00a0\u00a0\u00a0\u00a0\u00a0\u00a0\u00a0 \u00a0\u00a0\u00a0\u00a0\u00a0\u00a0\u00a0\u00a0\u00a0\u00a0\u00a0 \u00a0\u00a0\u00a0\u00a0\u00a0\u00a0\u00a0\u00a0\u00a0\u00a0\u00a0 \u00a0\u00a0\u00a0\u00a0\u00a0\u00a0\u00a0\u00a0\u00a0\u00a0 \u00a0 \u00a0 \u00a0 \u00a0 \u00a0\u00a0\u00a0\u00a0\u00a0\u00a0 Arch. Luigi Losciale \u2013 Manfredonia. <\/em><\/p>\n<p><strong><em>Supervisione <\/em><\/strong><em>\u00a0\u00a0\u00a0\u00a0\u00a0\u00a0\u00a0\u00a0\u00a0\u00a0\u00a0 \u00a0\u00a0\u00a0\u00a0\u00a0\u00a0\u00a0\u00a0\u00a0\u00a0\u00a0 \u00a0\u00a0\u00a0\u00a0\u00a0\u00a0\u00a0 Arch. Laura Basco docente in \u201cLandscape Design\u201d &#8211;\u00a0\u00a0 Accademia di Belle \u00a0\u00a0\u00a0\u00a0\u00a0\u00a0\u00a0\u00a0\u00a0\u00a0\u00a0 \u00a0\u00a0\u00a0\u00a0\u00a0\u00a0\u00a0\u00a0\u00a0\u00a0\u00a0 \u00a0\u00a0\u00a0\u00a0\u00a0\u00a0\u00a0\u00a0\u00a0\u00a0\u00a0 \u00a0\u00a0\u00a0\u00a0\u00a0\u00a0\u00a0\u00a0\u00a0\u00a0\u00a0\u00a0\u00a0\u00a0\u00a0\u00a0\u00a0\u00a0\u00a0\u00a0\u00a0\u00a0\u00a0\u00a0\u00a0\u00a0\u00a0\u00a0\u00a0\u00a0\u00a0\u00a0\u00a0\u00a0\u00a0\u00a0\u00a0\u00a0\u00a0\u00a0\u00a0\u00a0\u00a0\u00a0\u00a0\u00a0\u00a0\u00a0\u00a0\u00a0\u00a0\u00a0\u00a0\u00a0\u00a0\u00a0\u00a0\u00a0\u00a0\u00a0\u00a0 Arti &#8211; Napoli-. <\/em><\/p>\n<p><strong><em>Collaboratori\u00a0\u00a0\u00a0\u00a0\u00a0\u00a0\u00a0\u00a0\u00a0\u00a0\u00a0 \u00a0\u00a0\u00a0\u00a0\u00a0\u00a0\u00a0\u00a0\u00a0\u00a0\u00a0 \u00a0\u00a0\u00a0\u00a0\u00a0 <\/em><\/strong><em>Davide Cassese Federica Romano<strong>\u00a0\u00a0\u00a0\u00a0\u00a0\u00a0\u00a0\u00a0\u00a0\u00a0\u00a0 \u00a0\u00a0\u00a0\u00a0\u00a0\u00a0\u00a0\u00a0\u00a0\u00a0\u00a0 <\/strong><\/em><\/p>\n<p><strong><em>Coordinatore<\/em><\/strong><em>\u00a0\u00a0\u00a0\u00a0\u00a0\u00a0\u00a0\u00a0\u00a0\u00a0\u00a0\u00a0\u00a0\u00a0\u00a0\u00a0\u00a0\u00a0\u00a0\u00a0\u00a0\u00a0\u00a0\u00a0\u00a0\u00a0\u00a0\u00a0\u00a0\u00a0\u00a0\u00a0 Mauro Lazzari (LUA &#8211; studiometamor &#8211; Lecce)<\/em><\/p>\n<p><em>\u00a0<\/em><strong><em>Segreteria\/ospitalit\u00e0<\/em><\/strong><em>\u00a0\u00a0\u00a0\u00a0\u00a0\u00a0\u00a0\u00a0\u00a0\u00a0\u00a0\u00a0\u00a0\u00a0\u00a0 Alberto Caroppo \/Francesco Buccarelli (Abitare i Paduli)<\/em><\/p>\n<p>&nbsp;<\/p>\n<p>&nbsp;<\/p>\n<p>13 LUGLIO\u00a0\u00a0\u00a0\u00a0\u00a0\u00a0\u00a0\u00a0\u00a0\u00a0\u00a0 \u00a0\u00a0\u00a0\u00a0\u00a0\u00a0\u00a0\u00a0\u00a0\u00a0\u00a0 \u00a0\u00a0\u00a0\u00a0\u00a0\u00a0\u00a0\u00a0\u00a0\u00a0\u00a0 apertura call per partecipare al collaboratorio di autocostruzione<\/p>\n<p>24 LUGLIO\u00a0\u00a0\u00a0\u00a0\u00a0\u00a0\u00a0\u00a0\u00a0\u00a0\u00a0\u00a0\u00a0\u00a0\u00a0\u00a0\u00a0\u00a0\u00a0\u00a0\u00a0\u00a0\u00a0\u00a0\u00a0\u00a0\u00a0\u00a0\u00a0\u00a0\u00a0\u00a0\u00a0\u00a0 chiusura call collaboratorio di autocostruzione.<\/p>\n<hr \/>\n<p>PROGRAMMA<\/p>\n<hr \/>\n<p>&nbsp;<\/p>\n<p><strong>26 domenica LUGLIO<\/strong><\/p>\n<p>Ore 18.30\u00a0\u00a0\u00a0\u00a0\u00a0\u00a0\u00a0\u00a0\u00a0\u00a0\u00a0 \u00a0\u00a0\u00a0\u00a0\u00a0\u00a0\u00a0\u00a0\u00a0\u00a0\u00a0 \u00a0\u00a0\u00a0\u00a0\u00a0\u00a0\u00a0\u00a0\u00a0\u00a0\u00a0 Corte Palazzo Ducale \u2013 San Cassiano. coworking tutor &#8211; gruppi vincitori del \u00a0\u00a0\u00a0\u00a0\u00a0\u00a0\u00a0\u00a0\u00a0\u00a0\u00a0 \u00a0\u00a0\u00a0\u00a0\u00a0\u00a0\u00a0\u00a0\u00a0\u00a0\u00a0 \u00a0\u00a0\u00a0\u00a0\u00a0\u00a0\u00a0\u00a0\u00a0\u00a0\u00a0 \u00a0\u00a0\u00a0\u00a0\u00a0\u00a0\u00a0\u00a0\u00a0\u00a0\u00a0\u00a0\u00a0\u00a0\u00a0\u00a0\u00a0\u00a0\u00a0\u00a0\u00a0\u00a0\u00a0\u00a0\u00a0\u00a0\u00a0\u00a0\u00a0\u00a0\u00a0\u00a0\u00a0\u00a0\u00a0\u00a0\u00a0\u00a0\u00a0\u00a0\u00a0\u00a0\u00a0\u00a0\u00a0\u00a0\u00a0\u00a0\u00a0\u00a0\u00a0\u00a0\u00a0\u00a0 concorso e visita all\u2019uliveto comunale, Parco Paduli \u2013 Vicinale le Rene 1<\/p>\n<p><strong>27 Luned\u00ec LUGLIO<\/strong><\/p>\n<p>Ore 9.00-19.00\u00a0\u00a0\u00a0\u00a0\u00a0\u00a0\u00a0\u00a0\u00a0\u00a0\u00a0 \u00a0\u00a0\u00a0\u00a0\u00a0\u00a0\u00a0\u00a0\u00a0\u00a0\u00a0 \u00a0\u00a0 workshop autocostruzione (Uliveto Comunale, Parco Paduli \u2013 Vicinale le \u00a0\u00a0\u00a0\u00a0\u00a0\u00a0\u00a0\u00a0\u00a0\u00a0\u00a0 \u00a0\u00a0\u00a0\u00a0\u00a0\u00a0\u00a0\u00a0\u00a0\u00a0\u00a0 \u00a0\u00a0\u00a0\u00a0\u00a0\u00a0\u00a0\u00a0\u00a0\u00a0\u00a0 \u00a0\u00a0\u00a0\u00a0\u00a0\u00a0\u00a0\u00a0\u00a0\u00a0\u00a0\u00a0\u00a0\u00a0\u00a0\u00a0\u00a0\u00a0\u00a0\u00a0\u00a0\u00a0\u00a0\u00a0\u00a0\u00a0\u00a0\u00a0\u00a0\u00a0\u00a0\u00a0\u00a0\u00a0\u00a0\u00a0\u00a0\u00a0\u00a0\u00a0\u00a0\u00a0\u00a0\u00a0\u00a0\u00a0\u00a0\u00a0\u00a0\u00a0\u00a0\u00a0\u00a0\u00a0 Rene 1)<\/p>\n<p>Ore 19.30\u00a0\u00a0\u00a0\u00a0\u00a0\u00a0\u00a0\u00a0\u00a0\u00a0\u00a0 \u00a0\u00a0\u00a0\u00a0\u00a0\u00a0\u00a0\u00a0\u00a0\u00a0\u00a0 \u00a0\u00a0\u00a0\u00a0\u00a0\u00a0\u00a0\u00a0\u00a0\u00a0\u00a0 Corte Palazzo Ducale &#8211; San Cassiano. inaugurazione mostra Concorso di \u00a0\u00a0\u00a0\u00a0\u00a0\u00a0\u00a0\u00a0\u00a0\u00a0\u00a0 \u00a0\u00a0\u00a0\u00a0\u00a0\u00a0\u00a0\u00a0\u00a0\u00a0\u00a0 \u00a0\u00a0\u00a0\u00a0\u00a0\u00a0\u00a0\u00a0\u00a0\u00a0\u00a0 \u00a0\u00a0\u00a0\u00a0\u00a0\u00a0\u00a0\u00a0\u00a0\u00a0\u00a0\u00a0\u00a0\u00a0\u00a0\u00a0\u00a0\u00a0\u00a0\u00a0\u00a0\u00a0\u00a0\u00a0\u00a0\u00a0\u00a0\u00a0\u00a0\u00a0\u00a0\u00a0\u00a0\u00a0\u00a0\u00a0\u00a0\u00a0\u00a0\u00a0\u00a0\u00a0\u00a0\u00a0\u00a0\u00a0\u00a0\u00a0\u00a0\u00a0\u00a0\u00a0\u00a0\u00a0 Idee \u201cnidificare i Paduli\u201d- Lampa! Aperitivo<\/p>\n<p><strong>28 marted\u00ec LUGLIO<\/strong><\/p>\n<p>Ore 9.00-20.00 \u00a0\u00a0\u00a0\u00a0\u00a0\u00a0\u00a0\u00a0\u00a0\u00a0 workshop autocostruzione (Uliveto Comunale, Parco Paduli \u2013 Vicinale le Rene 1)<\/p>\n<p>&nbsp;<\/p>\n<p><strong>29 mercoled\u00ec LUGLIO<\/strong><\/p>\n<p>Ore 9.00-20.00 \u00a0\u00a0\u00a0\u00a0\u00a0\u00a0\u00a0\u00a0\u00a0\u00a0 workshop autocostruzione (Uliveto Comunale, Parco Paduli \u2013 Vicinale le Rene 1)<\/p>\n<p>&nbsp;<\/p>\n<p><strong>30 gioved\u00ec LUGLIO<\/strong><\/p>\n<p>Ore 9.00-20.00 \u00a0\u00a0\u00a0\u00a0\u00a0\u00a0\u00a0\u00a0\u00a0\u00a0 workshop autocostruzione (Uliveto Comunale, Parco Paduli \u2013 Vicinale le Rene 1)<\/p>\n<p>&nbsp;<\/p>\n<p><strong>31 venerd\u00ec LUGLIO<\/strong><\/p>\n<p>Ore 9.00-20.00 \u00a0\u00a0\u00a0\u00a0\u00a0\u00a0\u00a0\u00a0\u00a0\u00a0 workshop autocostruzione (Uliveto Comunale, Parco Paduli \u2013 Vicinale le Rene 1)<\/p>\n<p><strong>01 sabatoAGOSTO<\/strong><\/p>\n<p>Ore 9.00-20.00 \u00a0\u00a0\u00a0\u00a0\u00a0\u00a0\u00a0\u00a0\u00a0\u00a0 workshop autocostruzione (Uliveto Comunale, Parco Paduli \u2013 Vicinale le Rene 1)<\/p>\n<p><strong>02 Domenica AGOSTO<\/strong><\/p>\n<p>Ore 9.00-20.00\u00a0\u00a0\u00a0\u00a0\u00a0\u00a0\u00a0\u00a0\u00a0 workshop autocostruzione (Uliveto Comunale, Parco Paduli \u2013 Vicinale le \u00a0\u00a0\u00a0\u00a0\u00a0\u00a0\u00a0\u00a0\u00a0\u00a0\u00a0 \u00a0\u00a0\u00a0\u00a0\u00a0\u00a0\u00a0\u00a0\u00a0\u00a0\u00a0 \u00a0\u00a0\u00a0\u00a0\u00a0\u00a0\u00a0\u00a0\u00a0\u00a0\u00a0 \u00a0\u00a0\u00a0\u00a0\u00a0\u00a0\u00a0\u00a0\u00a0\u00a0\u00a0\u00a0\u00a0\u00a0\u00a0\u00a0\u00a0\u00a0\u00a0\u00a0\u00a0\u00a0\u00a0\u00a0\u00a0\u00a0\u00a0\u00a0\u00a0 \u00a0 \u00a0 \u00a0 \u00a0 \u00a0 Rene 1) .Allestimento Uliveto e festa finale<\/p>\n<p>Ore 21.00 \u00a0\u00a0\u00a0\u00a0\u00a0\u00a0\u00a0\u00a0\u00a0 \u00a0 \u00a0 \u00a0 \u00a0 \u00a0 FESTA di inaugurazione albergo biodegradabile &#8211; rifugi \u201cNidificare i Paduli\u201d , Parco Paduli \u2013 Vicinale le \u00a0\u00a0\u00a0\u00a0\u00a0\u00a0\u00a0\u00a0\u00a0\u00a0\u00a0\u00a0\u00a0\u00a0\u00a0\u00a0\u00a0\u00a0\u00a0\u00a0\u00a0\u00a0\u00a0\u00a0\u00a0\u00a0\u00a0\u00a0\u00a0\u00a0\u00a0\u00a0\u00a0\u00a0\u00a0\u00a0\u00a0\u00a0\u00a0 Rene 1<\/p>\n<hr \/>\n<p><strong>NOTE<\/strong><\/p>\n<p>Il workshop \u00e8 riservato e gratuito a un numero max di 15 partecipanti. E\u2019 possibile iscriversi, tramite mail all\u2019indirizzo abitareipaduli@gmail.com, da gioved\u00ec 16 Luglio a venerd\u00ec 24 Luglio. Il workshop avr\u00e0 inizio dal 27 Luglio al 2 agosto, tutti i giorni, dalle ore 9.00 alle 20 presso L\u2019uliveto Comunale di San Cassiano, il 2 agosto alle 21.00 Festa Finale di \u201cNidificare\u201d per informazioni e iscrizioni :\u00a0 <a href=\"mailto:abitareipaduli@parcopaduli.it\">abitareipaduli@parcopaduli.it\u00a0\u00a0 <\/a>cell. 335 8758546<\/p>\n<p><a href=\"http:\/\/gapgapgap.tumblr.com\/\">http:\/\/gapgapgap.tumblr.com<\/a><\/p>\n<p><a href=\"http:\/\/www.laboratoriourbanoaperto.com\/\">www.laboratoriourbanoaperto.com<\/a><\/p>\n<p><a href=\"http:\/\/www.parcopaduli.it\/\">www.parcopaduli.it<\/a><\/p>\n<p><a href=\"http:\/\/www.abitareipaduli.com\/\">www.abitareipaduli.com<\/a><\/p>\n<p>&nbsp;<\/p>\n<\/div><\/div>","protected":false},"excerpt":{"rendered":"<p>\u201cNidificare i paduli\u201d \u00e8 un workshop di autocostruzione, sull\u2019abitare sostenibile, volto alla realizzazione e sperimentazione di due rifugi temporanei e biodegradabili risultati vincitori dell\u2019omonimo concorso di idee. Nziddha primo classificato, e Osservatorio del Sogno secondo classificato. Dal 27 Luglio al&#8230;<\/p>\n","protected":false},"author":3,"featured_media":772,"comment_status":"closed","ping_status":"closed","sticky":false,"template":"","format":"standard","meta":{"footnotes":""},"categories":[32],"tags":[],"_links":{"self":[{"href":"https:\/\/laboratoriourbanoaperto.com\/lua\/index.php\/wp-json\/wp\/v2\/posts\/773"}],"collection":[{"href":"https:\/\/laboratoriourbanoaperto.com\/lua\/index.php\/wp-json\/wp\/v2\/posts"}],"about":[{"href":"https:\/\/laboratoriourbanoaperto.com\/lua\/index.php\/wp-json\/wp\/v2\/types\/post"}],"author":[{"embeddable":true,"href":"https:\/\/laboratoriourbanoaperto.com\/lua\/index.php\/wp-json\/wp\/v2\/users\/3"}],"replies":[{"embeddable":true,"href":"https:\/\/laboratoriourbanoaperto.com\/lua\/index.php\/wp-json\/wp\/v2\/comments?post=773"}],"version-history":[{"count":6,"href":"https:\/\/laboratoriourbanoaperto.com\/lua\/index.php\/wp-json\/wp\/v2\/posts\/773\/revisions"}],"predecessor-version":[{"id":779,"href":"https:\/\/laboratoriourbanoaperto.com\/lua\/index.php\/wp-json\/wp\/v2\/posts\/773\/revisions\/779"}],"wp:featuredmedia":[{"embeddable":true,"href":"https:\/\/laboratoriourbanoaperto.com\/lua\/index.php\/wp-json\/wp\/v2\/media\/772"}],"wp:attachment":[{"href":"https:\/\/laboratoriourbanoaperto.com\/lua\/index.php\/wp-json\/wp\/v2\/media?parent=773"}],"wp:term":[{"taxonomy":"category","embeddable":true,"href":"https:\/\/laboratoriourbanoaperto.com\/lua\/index.php\/wp-json\/wp\/v2\/categories?post=773"},{"taxonomy":"post_tag","embeddable":true,"href":"https:\/\/laboratoriourbanoaperto.com\/lua\/index.php\/wp-json\/wp\/v2\/tags?post=773"}],"curies":[{"name":"wp","href":"https:\/\/api.w.org\/{rel}","templated":true}]}}